{"id":1397,"date":"2025-05-15T16:18:57","date_gmt":"2025-05-15T13:18:57","guid":{"rendered":"https:\/\/karmer.hacettepe.edu.tr\/?p=1397"},"modified":"2025-05-15T16:21:03","modified_gmt":"2025-05-15T13:21:03","slug":"train-the-marketers-pazarlamacilari-egiten-konferans","status":"publish","type":"post","link":"https:\/\/karmer.hacettepe.edu.tr\/en\/train-the-marketers-pazarlamacilari-egiten-konferans\/","title":{"rendered":"Train The Marketers: Pazarlamac\u0131lar\u0131 E\u011fiten Konferans"},"content":{"rendered":"<p><strong>Kariyer Merkezimizin organizasyonu ve AIESEC Ankara i\u015f birli\u011fi ile \u00a0Pazarlamac\u0131lar\u0131 E\u011fiten Konferans ba\u015fl\u0131kl\u0131 etkinlikte \u00e7e\u015fitli sunumlar ger\u00e7ekle\u015ftirilecektir. Birbirinden de\u011ferli konu\u015fmac\u0131larla hem dijital hem fiziksel pazarlama alanlar\u0131nda sunumlar ve network edinme \u015fans\u0131n\u0131 16 May\u0131s Cuma g\u00fcn\u00fc saat 11:00\u2019da K salonunda yakalayabilirsiniz. T\u00fcm Hacettepeliler davetlidir.<\/strong><\/p>","protected":false},"excerpt":{"rendered":"<p>Kariyer Merkezimizin organizasyonu ve AIESEC Ankara i\u015f birli\u011fi ile \u00a0Pazarlamac\u0131lar\u0131 E\u011fiten Konferans ba\u015fl\u0131kl\u0131 etkinlikte \u00e7e\u015fitli sunumlar ger\u00e7ekle\u015ftirilecektir. Birbirinden de\u011ferli konu\u015fmac\u0131larla hem dijital hem fiziksel pazarlama alanlar\u0131nda sunumlar ve network edinme \u015fans\u0131n\u0131 16 May\u0131s Cuma g\u00fcn\u00fc saat 11:00\u2019da K salonunda yakalayabilirsiniz. T\u00fcm Hacettepeliler davetlidir.<\/p>","protected":false},"author":1,"featured_media":1399,"comment_status":"open","ping_status":"open","sticky":false,"template":"","format":"standard","meta":{"footnotes":""},"categories":[43],"tags":[],"class_list":["post-1397","post","type-post","status-publish","format-standard","has-post-thumbnail","hentry","category-genel-tr"],"acf":[],"yoast_head":"<!-- This site is optimized with the Yoast SEO plugin v24.0 - https:\/\/yoast.com\/wordpress\/plugins\/seo\/ -->\n<title>Train The Marketers: Pazarlamac\u0131lar\u0131 E\u011fiten Konferans - Hacettepe Kariyer Merkezi<\/title>\n<meta name=\"robots\" content=\"index, follow, max-snippet:-1, max-image-preview:large, max-video-preview:-1\" \/>\n<link rel=\"canonical\" href=\"https:\/\/karmer.hacettepe.edu.tr\/en\/train-the-marketers-pazarlamacilari-egiten-konferans\/\" \/>\n<meta property=\"og:locale\" content=\"en_US\" \/>\n<meta property=\"og:type\" content=\"article\" \/>\n<meta property=\"og:title\" content=\"Train The Marketers: Pazarlamac\u0131lar\u0131 E\u011fiten Konferans - Hacettepe Kariyer Merkezi\" \/>\n<meta property=\"og:description\" content=\"Kariyer Merkezimizin organizasyonu ve AIESEC Ankara i\u015f birli\u011fi ile \u00a0Pazarlamac\u0131lar\u0131 E\u011fiten Konferans ba\u015fl\u0131kl\u0131 etkinlikte \u00e7e\u015fitli sunumlar ger\u00e7ekle\u015ftirilecektir. Birbirinden de\u011ferli konu\u015fmac\u0131larla hem dijital hem fiziksel pazarlama alanlar\u0131nda sunumlar ve network edinme \u015fans\u0131n\u0131 16 May\u0131s Cuma g\u00fcn\u00fc saat 11:00\u2019da K salonunda yakalayabilirsiniz. T\u00fcm Hacettepeliler davetlidir.\" \/>\n<meta property=\"og:url\" content=\"https:\/\/karmer.hacettepe.edu.tr\/en\/train-the-marketers-pazarlamacilari-egiten-konferans\/\" \/>\n<meta property=\"og:site_name\" content=\"Hacettepe Kariyer Merkezi\" \/>\n<meta property=\"article:published_time\" content=\"2025-05-15T13:18:57+00:00\" \/>\n<meta property=\"article:modified_time\" content=\"2025-05-15T13:21:03+00:00\" \/>\n<meta name=\"author\" content=\"KARMER\" \/>\n<meta name=\"twitter:card\" content=\"summary_large_image\" \/>\n<meta name=\"twitter:label1\" content=\"Written by\" \/>\n\t<meta name=\"twitter:data1\" content=\"KARMER\" \/>\n\t<meta name=\"twitter:label2\" content=\"Est. reading time\" \/>\n\t<meta name=\"twitter:data2\" content=\"1 minute\" \/>\n<script type=\"application\/ld+json\" class=\"yoast-schema-graph\">{\"@context\":\"https:\/\/schema.org\",\"@graph\":[{\"@type\":\"WebPage\",\"@id\":\"https:\/\/karmer.hacettepe.edu.tr\/train-the-marketers-pazarlamacilari-egiten-konferans\/\",\"url\":\"https:\/\/karmer.hacettepe.edu.tr\/train-the-marketers-pazarlamacilari-egiten-konferans\/\",\"name\":\"Train The Marketers: Pazarlamac\u0131lar\u0131 E\u011fiten Konferans - Hacettepe Kariyer Merkezi\",\"isPartOf\":{\"@id\":\"https:\/\/karmer.hacettepe.edu.tr\/#website\"},\"primaryImageOfPage\":{\"@id\":\"https:\/\/karmer.hacettepe.edu.tr\/train-the-marketers-pazarlamacilari-egiten-konferans\/#primaryimage\"},\"image\":{\"@id\":\"https:\/\/karmer.hacettepe.edu.tr\/train-the-marketers-pazarlamacilari-egiten-konferans\/#primaryimage\"},\"thumbnailUrl\":\"https:\/\/karmer.hacettepe.edu.tr\/wp-content\/uploads\/2025\/05\/AIESEC-pdf.jpg\",\"datePublished\":\"2025-05-15T13:18:57+00:00\",\"dateModified\":\"2025-05-15T13:21:03+00:00\",\"author\":{\"@id\":\"https:\/\/karmer.hacettepe.edu.tr\/#\/schema\/person\/b0c5998a3141464f91702a9b47393138\"},\"breadcrumb\":{\"@id\":\"https:\/\/karmer.hacettepe.edu.tr\/train-the-marketers-pazarlamacilari-egiten-konferans\/#breadcrumb\"},\"inLanguage\":\"en-US\",\"potentialAction\":[{\"@type\":\"ReadAction\",\"target\":[\"https:\/\/karmer.hacettepe.edu.tr\/train-the-marketers-pazarlamacilari-egiten-konferans\/\"]}]},{\"@type\":\"ImageObject\",\"inLanguage\":\"en-US\",\"@id\":\"https:\/\/karmer.hacettepe.edu.tr\/train-the-marketers-pazarlamacilari-egiten-konferans\/#primaryimage\",\"url\":\"https:\/\/karmer.hacettepe.edu.tr\/wp-content\/uploads\/2025\/05\/AIESEC-pdf.jpg\",\"contentUrl\":\"https:\/\/karmer.hacettepe.edu.tr\/wp-content\/uploads\/2025\/05\/AIESEC-pdf.jpg\"},{\"@type\":\"BreadcrumbList\",\"@id\":\"https:\/\/karmer.hacettepe.edu.tr\/train-the-marketers-pazarlamacilari-egiten-konferans\/#breadcrumb\",\"itemListElement\":[{\"@type\":\"ListItem\",\"position\":1,\"name\":\"Home\",\"item\":\"https:\/\/karmer.hacettepe.edu.tr\/\"},{\"@type\":\"ListItem\",\"position\":2,\"name\":\"Train The Marketers: Pazarlamac\u0131lar\u0131 E\u011fiten Konferans\"}]},{\"@type\":\"WebSite\",\"@id\":\"https:\/\/karmer.hacettepe.edu.tr\/#website\",\"url\":\"https:\/\/karmer.hacettepe.edu.tr\/\",\"name\":\"Hacettepe Kariyer Merkezi\",\"description\":\"\",\"potentialAction\":[{\"@type\":\"SearchAction\",\"target\":{\"@type\":\"EntryPoint\",\"urlTemplate\":\"https:\/\/karmer.hacettepe.edu.tr\/?s={search_term_string}\"},\"query-input\":{\"@type\":\"PropertyValueSpecification\",\"valueRequired\":true,\"valueName\":\"search_term_string\"}}],\"inLanguage\":\"en-US\"},{\"@type\":\"Person\",\"@id\":\"https:\/\/karmer.hacettepe.edu.tr\/#\/schema\/person\/b0c5998a3141464f91702a9b47393138\",\"name\":\"KARMER\",\"image\":{\"@type\":\"ImageObject\",\"inLanguage\":\"en-US\",\"@id\":\"https:\/\/karmer.hacettepe.edu.tr\/#\/schema\/person\/image\/\",\"url\":\"https:\/\/secure.gravatar.com\/avatar\/e335c91001a91c1849f09a41088ac4ac75e9c0ff45f16b2f95a0e2622ccbff94?s=96&d=mm&r=g\",\"contentUrl\":\"https:\/\/secure.gravatar.com\/avatar\/e335c91001a91c1849f09a41088ac4ac75e9c0ff45f16b2f95a0e2622ccbff94?s=96&d=mm&r=g\",\"caption\":\"KARMER\"},\"sameAs\":[\"http:\/\/karmer.hacettepe.edu.tr\/\"],\"url\":\"https:\/\/karmer.hacettepe.edu.tr\/en\/author\/karmer\/\"}]}<\/script>\n<!-- \/ Yoast SEO plugin. -->","yoast_head_json":{"title":"Train The Marketers: Pazarlamac\u0131lar\u0131 E\u011fiten Konferans - Hacettepe Kariyer Merkezi","robots":{"index":"index","follow":"follow","max-snippet":"max-snippet:-1","max-image-preview":"max-image-preview:large","max-video-preview":"max-video-preview:-1"},"canonical":"https:\/\/karmer.hacettepe.edu.tr\/en\/train-the-marketers-pazarlamacilari-egiten-konferans\/","og_locale":"en_US","og_type":"article","og_title":"Train The Marketers: Pazarlamac\u0131lar\u0131 E\u011fiten Konferans - Hacettepe Kariyer Merkezi","og_description":"Kariyer Merkezimizin organizasyonu ve AIESEC Ankara i\u015f birli\u011fi ile \u00a0Pazarlamac\u0131lar\u0131 E\u011fiten Konferans ba\u015fl\u0131kl\u0131 etkinlikte \u00e7e\u015fitli sunumlar ger\u00e7ekle\u015ftirilecektir. Birbirinden de\u011ferli konu\u015fmac\u0131larla hem dijital hem fiziksel pazarlama alanlar\u0131nda sunumlar ve network edinme \u015fans\u0131n\u0131 16 May\u0131s Cuma g\u00fcn\u00fc saat 11:00\u2019da K salonunda yakalayabilirsiniz. T\u00fcm Hacettepeliler davetlidir.","og_url":"https:\/\/karmer.hacettepe.edu.tr\/en\/train-the-marketers-pazarlamacilari-egiten-konferans\/","og_site_name":"Hacettepe Kariyer Merkezi","article_published_time":"2025-05-15T13:18:57+00:00","article_modified_time":"2025-05-15T13:21:03+00:00","author":"KARMER","twitter_card":"summary_large_image","twitter_misc":{"Written by":"KARMER","Est. reading time":"1 minute"},"schema":{"@context":"https:\/\/schema.org","@graph":[{"@type":"WebPage","@id":"https:\/\/karmer.hacettepe.edu.tr\/train-the-marketers-pazarlamacilari-egiten-konferans\/","url":"https:\/\/karmer.hacettepe.edu.tr\/train-the-marketers-pazarlamacilari-egiten-konferans\/","name":"Train The Marketers: Pazarlamac\u0131lar\u0131 E\u011fiten Konferans - Hacettepe Kariyer Merkezi","isPartOf":{"@id":"https:\/\/karmer.hacettepe.edu.tr\/#website"},"primaryImageOfPage":{"@id":"https:\/\/karmer.hacettepe.edu.tr\/train-the-marketers-pazarlamacilari-egiten-konferans\/#primaryimage"},"image":{"@id":"https:\/\/karmer.hacettepe.edu.tr\/train-the-marketers-pazarlamacilari-egiten-konferans\/#primaryimage"},"thumbnailUrl":"https:\/\/karmer.hacettepe.edu.tr\/wp-content\/uploads\/2025\/05\/AIESEC-pdf.jpg","datePublished":"2025-05-15T13:18:57+00:00","dateModified":"2025-05-15T13:21:03+00:00","author":{"@id":"https:\/\/karmer.hacettepe.edu.tr\/#\/schema\/person\/b0c5998a3141464f91702a9b47393138"},"breadcrumb":{"@id":"https:\/\/karmer.hacettepe.edu.tr\/train-the-marketers-pazarlamacilari-egiten-konferans\/#breadcrumb"},"inLanguage":"en-US","potentialAction":[{"@type":"ReadAction","target":["https:\/\/karmer.hacettepe.edu.tr\/train-the-marketers-pazarlamacilari-egiten-konferans\/"]}]},{"@type":"ImageObject","inLanguage":"en-US","@id":"https:\/\/karmer.hacettepe.edu.tr\/train-the-marketers-pazarlamacilari-egiten-konferans\/#primaryimage","url":"https:\/\/karmer.hacettepe.edu.tr\/wp-content\/uploads\/2025\/05\/AIESEC-pdf.jpg","contentUrl":"https:\/\/karmer.hacettepe.edu.tr\/wp-content\/uploads\/2025\/05\/AIESEC-pdf.jpg"},{"@type":"BreadcrumbList","@id":"https:\/\/karmer.hacettepe.edu.tr\/train-the-marketers-pazarlamacilari-egiten-konferans\/#breadcrumb","itemListElement":[{"@type":"ListItem","position":1,"name":"Home","item":"https:\/\/karmer.hacettepe.edu.tr\/"},{"@type":"ListItem","position":2,"name":"Train The Marketers: Pazarlamac\u0131lar\u0131 E\u011fiten Konferans"}]},{"@type":"WebSite","@id":"https:\/\/karmer.hacettepe.edu.tr\/#website","url":"https:\/\/karmer.hacettepe.edu.tr\/","name":"Hacettepe Kariyer Merkezi","description":"","potentialAction":[{"@type":"SearchAction","target":{"@type":"EntryPoint","urlTemplate":"https:\/\/karmer.hacettepe.edu.tr\/?s={search_term_string}"},"query-input":{"@type":"PropertyValueSpecification","valueRequired":true,"valueName":"search_term_string"}}],"inLanguage":"en-US"},{"@type":"Person","@id":"https:\/\/karmer.hacettepe.edu.tr\/#\/schema\/person\/b0c5998a3141464f91702a9b47393138","name":"KARMER","image":{"@type":"ImageObject","inLanguage":"en-US","@id":"https:\/\/karmer.hacettepe.edu.tr\/#\/schema\/person\/image\/","url":"https:\/\/secure.gravatar.com\/avatar\/e335c91001a91c1849f09a41088ac4ac75e9c0ff45f16b2f95a0e2622ccbff94?s=96&d=mm&r=g","contentUrl":"https:\/\/secure.gravatar.com\/avatar\/e335c91001a91c1849f09a41088ac4ac75e9c0ff45f16b2f95a0e2622ccbff94?s=96&d=mm&r=g","caption":"KARMER"},"sameAs":["http:\/\/karmer.hacettepe.edu.tr\/"],"url":"https:\/\/karmer.hacettepe.edu.tr\/en\/author\/karmer\/"}]}},"_links":{"self":[{"href":"https:\/\/karmer.hacettepe.edu.tr\/en\/wp-json\/wp\/v2\/posts\/1397","targetHints":{"allow":["GET"]}}],"collection":[{"href":"https:\/\/karmer.hacettepe.edu.tr\/en\/wp-json\/wp\/v2\/posts"}],"about":[{"href":"https:\/\/karmer.hacettepe.edu.tr\/en\/wp-json\/wp\/v2\/types\/post"}],"author":[{"embeddable":true,"href":"https:\/\/karmer.hacettepe.edu.tr\/en\/wp-json\/wp\/v2\/users\/1"}],"replies":[{"embeddable":true,"href":"https:\/\/karmer.hacettepe.edu.tr\/en\/wp-json\/wp\/v2\/comments?post=1397"}],"version-history":[{"count":3,"href":"https:\/\/karmer.hacettepe.edu.tr\/en\/wp-json\/wp\/v2\/posts\/1397\/revisions"}],"predecessor-version":[{"id":1402,"href":"https:\/\/karmer.hacettepe.edu.tr\/en\/wp-json\/wp\/v2\/posts\/1397\/revisions\/1402"}],"wp:featuredmedia":[{"embeddable":true,"href":"https:\/\/karmer.hacettepe.edu.tr\/en\/wp-json\/wp\/v2\/media\/1399"}],"wp:attachment":[{"href":"https:\/\/karmer.hacettepe.edu.tr\/en\/wp-json\/wp\/v2\/media?parent=1397"}],"wp:term":[{"taxonomy":"category","embeddable":true,"href":"https:\/\/karmer.hacettepe.edu.tr\/en\/wp-json\/wp\/v2\/categories?post=1397"},{"taxonomy":"post_tag","embeddable":true,"href":"https:\/\/karmer.hacettepe.edu.tr\/en\/wp-json\/wp\/v2\/tags?post=1397"}],"curies":[{"name":"wp","href":"https:\/\/api.w.org\/{rel}","templated":true}]}}